{"id":3362,"date":"2021-09-16T01:54:40","date_gmt":"2021-09-16T00:54:40","guid":{"rendered":"http:\/\/thjco.com\/?p=3362"},"modified":"2021-09-16T01:54:40","modified_gmt":"2021-09-16T00:54:40","slug":"equipacion-infantil-espana","status":"publish","type":"post","link":"https:\/\/thjco.com\/index.php\/2021\/09\/16\/equipacion-infantil-espana\/","title":{"rendered":"equipacion infantil espa\u00f1a"},"content":{"rendered":"<p><div style=\"clear:both; text-align:center\"><a href=\"https:\/\/furiaesp.com\/\"><a href=\"https:\/\/furiaesp.com\/\" ><img decoding=\"async\" style=\"max-width: 360px;\" src=\"https:\/\/www.forumsport.com\/medias\/medias-1000396631-00-S-M-20180925234551.jpg?context=bWFzdGVyfGltYWdlc3wyNDU2MDV8aW1hZ2UvanBlZ3xpbWFnZXMvaGY1L2hlZS84ODc4OTMzOTY2ODc4LmpwZ3w3Mzg2YzU2ODQ1NTJjMWM4MzhiMzA2MGJiY2QzNjIzMGY2YmM3YjkyNGNjNzRmYTZkNzY4Y2UwMjE0MmM0OWE1\" \/><\/a><\/a><\/div>\n<p> Un rompedor look que quiere dejar atr\u00e1s esos dise\u00f1os pol\u00e9micos como el acontecido con la equipaci\u00f3n que nuestra selecci\u00f3n estren\u00f3 en el mundial de Rusia. La Roja y su nuevo pol\u00e9mico look. La Roja ya no lo ser\u00e1 tanto, ya que aparecen distintos tonos que van desde el rojo ferrari hasta el vino burdeos. La primera equipaci\u00f3n recuerda a la que luci\u00f3 el combinado nacional en el Mundial de Espa\u00f1a 1982. Una equipaci\u00f3n muy retro con camiseta roja y la bandera de Espa\u00f1a en los costados, pantal\u00f3n azul y medias negras. En el caso de los \u2018dragoes\u2019, por primera vez optan por el naranja como segunda equipaci\u00f3n. Por otro parte, se trata de la primera vez que la selecci\u00f3n va a jugar un partido oficial en C\u00e1diz, ya hab\u00eda acudido a la ciudad gaditana en cuatro ocasiones, pero todas fueron para disputar partidos amistosos. Estoy muy contento de estar aqu\u00ed otra vez y espero que ganemos otra vez en los dos \u00faltimos partidos de clasificaci\u00f3n\u201d, dese\u00f3 el delantero del Atl\u00e9tico de Madrid.<\/p>\n<p> Realmente el equipo espa\u00f1ol a\u00fan tiene mucho que demostrar con la camiseta De Espa\u00f1a de 2020. La responsabilidad es enorme ya que la historia del equipo espa\u00f1ol en esta \u00faltima d\u00e9cada ha sido realmente exitosa. La camiseta no ser\u00e1 completamente roja, pues llevar\u00e1 las habituales tres l\u00edneas de la marca deportiva Adidas en color amarillo. Pues aqu\u00ed lo encontrar\u00e1s. Dichas l\u00edneas, adem\u00e1s, son en un tono gris claro que se funde muy bien con la camiseta, rechazando as\u00ed las l\u00edneas rojas o doradas de otras \u00e9pocas en esta nueva equipaci\u00f3n de Espa\u00f1a. Es muy parecido al del pa\u00eds, pero ahora va enmarcado en una figura azul con la fecha de 1913, las siglas de la RFEF y un bal\u00f3n cl\u00e1sico. La RFEF ha anunciado que continuar\u00e1 con Adidas hasta diciembre de 2030. La presentaci\u00f3n de la camiseta con la que acudir\u00e1 a la Eurocopa 2020 tuvo lugar en La Ciudad del F\u00fatbol.<\/p>\n<p> La nueva camiseta que Espa\u00f1a llevar\u00e1 en la Eurocopa la acaba de hacer oficial la RFEF. Durante la Guerra, la selecci\u00f3n s\u00f3lo jug\u00f3 algunos partidos en la zona nacional, y lo hizo con camiseta blanca y pantal\u00f3n azul. Los 23 elegidos por el seleccionador, Robert Moreno, para los \u00faltimos partidos de clasificaci\u00f3n en C\u00e1diz y Madrid frente a Malta y Ruman\u00eda han estrenado hoy la equipaci\u00f3n con la que disputar\u00e1n la Eurocopa del pr\u00f3ximo a\u00f1o. \u00abNuestro capit\u00e1n es nuestro l\u00edder dentro y fuera del campo. Mr Badass, y que me dices del penalti no pitado a Cesc tras haber fallado Xabi? A pesar de las adversidades que presente el camino. No trabajaba con las manos vac\u00edas. La camiseta de la Eurocopa se presentar\u00e1 oficialmente este martes, ya con toda la plantilla, en la Ciudad del F\u00fatbol de Las Rozas. Los jugadores de la Selecci\u00f3n Espa\u00f1ola han posado hoy con la nueva camiseta dise\u00f1ada y producida por adidas para la EURO de 2020 en un acto celebrado en la Ciudad del F\u00fatbol de Las Rozas, sede de la RFEF. La Selecci\u00f3n Espa\u00f1ola de F\u00fatbol renueva equipaci\u00f3n para afrontar la pr\u00f3xima Eurocopa.<\/p>\n<p> Como explica la Selecci\u00f3n en un comunicado, el dise\u00f1o de la camiseta est\u00e1 basado en \u201cla uni\u00f3n de arte y f\u00fatbol y se inspira en las similitudes que hay entre ambos. En una Eurocopa 2020 que tendr\u00e1 cierto inter\u00e9s especial, despu\u00e9s de los fracasos de combinado espa\u00f1ol en las citas anteriores. Se conectan al asistente de voz con solo decir \u00abOye Siri\u00bb y tienen una autonom\u00eda de hasta 24 horas con una carga completa. Marc\u00f3 m\u00e1s, hasta los 21 que ahora le tienen en el top 10 de los anotadores de la selecci\u00f3n. Funciona con control remoto y te ofrece hasta 7 colores RGB. Su agarre y control son estupendos, est\u00e1 hecha con caucho naranja muy resistente y la tienes disponible por menos de 20 euros, con un descuento del 20%. Hay varias tallas y esta, en concreto, pesa 550 gramos. El otro detalle identificativo de la camiseta es un peque\u00f1o le\u00f3n que luce debajo del cuello, en la parte alta de la espalda.<\/p>\n<p>Si usted am\u00f3 este poste y usted ciertamente como para recibir detalles adicionales referente <a href=\"https:\/\/furiaesp.com\/es_ES\/taxons\/furi\/ropa-de-entrenamiento\">camiseta entrenamiento espa\u00f1a<\/a> amablemente visita el Web page.<\/p>\n","protected":false},"excerpt":{"rendered":"<p>Un rompedor look que quiere dejar atr\u00e1s esos dise\u00f1os pol\u00e9micos como el acontecido con la equipaci\u00f3n que nuestra selecci\u00f3n estren\u00f3 en el mundial de Rusia. La Roja y su nuevo pol\u00e9mico look. La Roja ya no lo ser\u00e1 tanto, ya que aparecen distintos tonos que van desde el rojo ferrari hasta el vino burdeos. La [&hellip;]<\/p>\n","protected":false},"author":1,"featured_media":0,"comment_status":"open","ping_status":"open","sticky":false,"template":"","format":"standard","meta":{"footnotes":""},"categories":[1],"tags":[1747,1746,1745],"class_list":["post-3362","post","type-post","status-publish","format-standard","hentry","category-uncategorized","tag-camiseta-mundial-sudafrica-espana","tag-camiseta-oficial-espana-2010","tag-comprar-camiseta-seleccion-espanola-baloncesto-2017"],"yoast_head":"<!-- This site is optimized with the Yoast SEO plugin v26.3 - https:\/\/yoast.com\/wordpress\/plugins\/seo\/ -->\n<title>equipacion infantil espa\u00f1a - Camiseta Barata Chelsea 2024 2025 - SuperVigo<\/title>\n<meta name=\"robots\" content=\"index, follow, max-snippet:-1, max-image-preview:large, max-video-preview:-1\" \/>\n<link rel=\"canonical\" href=\"https:\/\/thjco.com\/index.php\/2021\/09\/16\/equipacion-infantil-espana\/\" \/>\n<meta property=\"og:locale\" content=\"es_ES\" \/>\n<meta property=\"og:type\" content=\"article\" \/>\n<meta property=\"og:title\" content=\"equipacion infantil espa\u00f1a - Camiseta Barata Chelsea 2024 2025 - SuperVigo\" \/>\n<meta property=\"og:description\" content=\"Un rompedor look que quiere dejar atr\u00e1s esos dise\u00f1os pol\u00e9micos como el acontecido con la equipaci\u00f3n que nuestra selecci\u00f3n estren\u00f3 en el mundial de Rusia. La Roja y su nuevo pol\u00e9mico look. La Roja ya no lo ser\u00e1 tanto, ya que aparecen distintos tonos que van desde el rojo ferrari hasta el vino burdeos. La [&hellip;]\" \/>\n<meta property=\"og:url\" content=\"https:\/\/thjco.com\/index.php\/2021\/09\/16\/equipacion-infantil-espana\/\" \/>\n<meta property=\"og:site_name\" content=\"Camiseta Barata Chelsea 2024 2025 - SuperVigo\" \/>\n<meta property=\"article:published_time\" content=\"2021-09-16T00:54:40+00:00\" \/>\n<meta property=\"og:image\" content=\"https:\/\/www.forumsport.com\/medias\/medias-1000396631-00-S-M-20180925234551.jpg?context=bWFzdGVyfGltYWdlc3wyNDU2MDV8aW1hZ2UvanBlZ3xpbWFnZXMvaGY1L2hlZS84ODc4OTMzOTY2ODc4LmpwZ3w3Mzg2YzU2ODQ1NTJjMWM4MzhiMzA2MGJiY2QzNjIzMGY2YmM3YjkyNGNjNzRmYTZkNzY4Y2UwMjE0MmM0OWE1\" \/>\n<meta name=\"author\" content=\"istern\" \/>\n<meta name=\"twitter:card\" content=\"summary_large_image\" \/>\n<meta name=\"twitter:label1\" content=\"Escrito por\" \/>\n\t<meta name=\"twitter:data1\" content=\"istern\" \/>\n\t<meta name=\"twitter:label2\" content=\"Tiempo de lectura\" \/>\n\t<meta name=\"twitter:data2\" content=\"4 minutos\" \/>\n<script type=\"application\/ld+json\" class=\"yoast-schema-graph\">{\"@context\":\"https:\/\/schema.org\",\"@graph\":[{\"@type\":\"WebPage\",\"@id\":\"https:\/\/thjco.com\/index.php\/2021\/09\/16\/equipacion-infantil-espana\/\",\"url\":\"https:\/\/thjco.com\/index.php\/2021\/09\/16\/equipacion-infantil-espana\/\",\"name\":\"equipacion infantil espa\u00f1a - Camiseta Barata Chelsea 2024 2025 - SuperVigo\",\"isPartOf\":{\"@id\":\"https:\/\/thjco.com\/#website\"},\"primaryImageOfPage\":{\"@id\":\"https:\/\/thjco.com\/index.php\/2021\/09\/16\/equipacion-infantil-espana\/#primaryimage\"},\"image\":{\"@id\":\"https:\/\/thjco.com\/index.php\/2021\/09\/16\/equipacion-infantil-espana\/#primaryimage\"},\"thumbnailUrl\":\"https:\/\/www.forumsport.com\/medias\/medias-1000396631-00-S-M-20180925234551.jpg?context=bWFzdGVyfGltYWdlc3wyNDU2MDV8aW1hZ2UvanBlZ3xpbWFnZXMvaGY1L2hlZS84ODc4OTMzOTY2ODc4LmpwZ3w3Mzg2YzU2ODQ1NTJjMWM4MzhiMzA2MGJiY2QzNjIzMGY2YmM3YjkyNGNjNzRmYTZkNzY4Y2UwMjE0MmM0OWE1\",\"datePublished\":\"2021-09-16T00:54:40+00:00\",\"author\":{\"@id\":\"https:\/\/thjco.com\/#\/schema\/person\/87becafabe502dabc359bb65d28c3558\"},\"breadcrumb\":{\"@id\":\"https:\/\/thjco.com\/index.php\/2021\/09\/16\/equipacion-infantil-espana\/#breadcrumb\"},\"inLanguage\":\"es\",\"potentialAction\":[{\"@type\":\"ReadAction\",\"target\":[\"https:\/\/thjco.com\/index.php\/2021\/09\/16\/equipacion-infantil-espana\/\"]}]},{\"@type\":\"ImageObject\",\"inLanguage\":\"es\",\"@id\":\"https:\/\/thjco.com\/index.php\/2021\/09\/16\/equipacion-infantil-espana\/#primaryimage\",\"url\":\"https:\/\/www.forumsport.com\/medias\/medias-1000396631-00-S-M-20180925234551.jpg?context=bWFzdGVyfGltYWdlc3wyNDU2MDV8aW1hZ2UvanBlZ3xpbWFnZXMvaGY1L2hlZS84ODc4OTMzOTY2ODc4LmpwZ3w3Mzg2YzU2ODQ1NTJjMWM4MzhiMzA2MGJiY2QzNjIzMGY2YmM3YjkyNGNjNzRmYTZkNzY4Y2UwMjE0MmM0OWE1\",\"contentUrl\":\"https:\/\/www.forumsport.com\/medias\/medias-1000396631-00-S-M-20180925234551.jpg?context=bWFzdGVyfGltYWdlc3wyNDU2MDV8aW1hZ2UvanBlZ3xpbWFnZXMvaGY1L2hlZS84ODc4OTMzOTY2ODc4LmpwZ3w3Mzg2YzU2ODQ1NTJjMWM4MzhiMzA2MGJiY2QzNjIzMGY2YmM3YjkyNGNjNzRmYTZkNzY4Y2UwMjE0MmM0OWE1\"},{\"@type\":\"BreadcrumbList\",\"@id\":\"https:\/\/thjco.com\/index.php\/2021\/09\/16\/equipacion-infantil-espana\/#breadcrumb\",\"itemListElement\":[{\"@type\":\"ListItem\",\"position\":1,\"name\":\"Portada\",\"item\":\"https:\/\/thjco.com\/\"},{\"@type\":\"ListItem\",\"position\":2,\"name\":\"equipacion infantil espa\u00f1a\"}]},{\"@type\":\"WebSite\",\"@id\":\"https:\/\/thjco.com\/#website\",\"url\":\"https:\/\/thjco.com\/\",\"name\":\"Camiseta Barata Chelsea 2024 2025 - SuperVigo\",\"description\":\"Camiseta de F\u00fatbol Chelsea 2024 - Ofrecemos nueva camiseta del Chelsea aqu\u00ed.Env\u00edo gratis desde 69\u20ac. La prenda mejor y el precio m\u00e1s bajo.\",\"potentialAction\":[{\"@type\":\"SearchAction\",\"target\":{\"@type\":\"EntryPoint\",\"urlTemplate\":\"https:\/\/thjco.com\/?s={search_term_string}\"},\"query-input\":{\"@type\":\"PropertyValueSpecification\",\"valueRequired\":true,\"valueName\":\"search_term_string\"}}],\"inLanguage\":\"es\"},{\"@type\":\"Person\",\"@id\":\"https:\/\/thjco.com\/#\/schema\/person\/87becafabe502dabc359bb65d28c3558\",\"name\":\"istern\",\"image\":{\"@type\":\"ImageObject\",\"inLanguage\":\"es\",\"@id\":\"https:\/\/thjco.com\/#\/schema\/person\/image\/\",\"url\":\"https:\/\/secure.gravatar.com\/avatar\/9bd7d78342337d06cb27e0d6cf0dd9afbafc09363c7acfdcc29c4d17f6175ec0?s=96&d=mm&r=g\",\"contentUrl\":\"https:\/\/secure.gravatar.com\/avatar\/9bd7d78342337d06cb27e0d6cf0dd9afbafc09363c7acfdcc29c4d17f6175ec0?s=96&d=mm&r=g\",\"caption\":\"istern\"},\"sameAs\":[\"http:\/\/thjco.com\"],\"url\":\"https:\/\/thjco.com\/index.php\/author\/istern\/\"}]}<\/script>\n<!-- \/ Yoast SEO plugin. -->","yoast_head_json":{"title":"equipacion infantil espa\u00f1a - Camiseta Barata Chelsea 2024 2025 - SuperVigo","robots":{"index":"index","follow":"follow","max-snippet":"max-snippet:-1","max-image-preview":"max-image-preview:large","max-video-preview":"max-video-preview:-1"},"canonical":"https:\/\/thjco.com\/index.php\/2021\/09\/16\/equipacion-infantil-espana\/","og_locale":"es_ES","og_type":"article","og_title":"equipacion infantil espa\u00f1a - Camiseta Barata Chelsea 2024 2025 - SuperVigo","og_description":"Un rompedor look que quiere dejar atr\u00e1s esos dise\u00f1os pol\u00e9micos como el acontecido con la equipaci\u00f3n que nuestra selecci\u00f3n estren\u00f3 en el mundial de Rusia. La Roja y su nuevo pol\u00e9mico look. La Roja ya no lo ser\u00e1 tanto, ya que aparecen distintos tonos que van desde el rojo ferrari hasta el vino burdeos. La [&hellip;]","og_url":"https:\/\/thjco.com\/index.php\/2021\/09\/16\/equipacion-infantil-espana\/","og_site_name":"Camiseta Barata Chelsea 2024 2025 - SuperVigo","article_published_time":"2021-09-16T00:54:40+00:00","og_image":[{"url":"https:\/\/www.forumsport.com\/medias\/medias-1000396631-00-S-M-20180925234551.jpg?context=bWFzdGVyfGltYWdlc3wyNDU2MDV8aW1hZ2UvanBlZ3xpbWFnZXMvaGY1L2hlZS84ODc4OTMzOTY2ODc4LmpwZ3w3Mzg2YzU2ODQ1NTJjMWM4MzhiMzA2MGJiY2QzNjIzMGY2YmM3YjkyNGNjNzRmYTZkNzY4Y2UwMjE0MmM0OWE1","type":"","width":"","height":""}],"author":"istern","twitter_card":"summary_large_image","twitter_misc":{"Escrito por":"istern","Tiempo de lectura":"4 minutos"},"schema":{"@context":"https:\/\/schema.org","@graph":[{"@type":"WebPage","@id":"https:\/\/thjco.com\/index.php\/2021\/09\/16\/equipacion-infantil-espana\/","url":"https:\/\/thjco.com\/index.php\/2021\/09\/16\/equipacion-infantil-espana\/","name":"equipacion infantil espa\u00f1a - Camiseta Barata Chelsea 2024 2025 - SuperVigo","isPartOf":{"@id":"https:\/\/thjco.com\/#website"},"primaryImageOfPage":{"@id":"https:\/\/thjco.com\/index.php\/2021\/09\/16\/equipacion-infantil-espana\/#primaryimage"},"image":{"@id":"https:\/\/thjco.com\/index.php\/2021\/09\/16\/equipacion-infantil-espana\/#primaryimage"},"thumbnailUrl":"https:\/\/www.forumsport.com\/medias\/medias-1000396631-00-S-M-20180925234551.jpg?context=bWFzdGVyfGltYWdlc3wyNDU2MDV8aW1hZ2UvanBlZ3xpbWFnZXMvaGY1L2hlZS84ODc4OTMzOTY2ODc4LmpwZ3w3Mzg2YzU2ODQ1NTJjMWM4MzhiMzA2MGJiY2QzNjIzMGY2YmM3YjkyNGNjNzRmYTZkNzY4Y2UwMjE0MmM0OWE1","datePublished":"2021-09-16T00:54:40+00:00","author":{"@id":"https:\/\/thjco.com\/#\/schema\/person\/87becafabe502dabc359bb65d28c3558"},"breadcrumb":{"@id":"https:\/\/thjco.com\/index.php\/2021\/09\/16\/equipacion-infantil-espana\/#breadcrumb"},"inLanguage":"es","potentialAction":[{"@type":"ReadAction","target":["https:\/\/thjco.com\/index.php\/2021\/09\/16\/equipacion-infantil-espana\/"]}]},{"@type":"ImageObject","inLanguage":"es","@id":"https:\/\/thjco.com\/index.php\/2021\/09\/16\/equipacion-infantil-espana\/#primaryimage","url":"https:\/\/www.forumsport.com\/medias\/medias-1000396631-00-S-M-20180925234551.jpg?context=bWFzdGVyfGltYWdlc3wyNDU2MDV8aW1hZ2UvanBlZ3xpbWFnZXMvaGY1L2hlZS84ODc4OTMzOTY2ODc4LmpwZ3w3Mzg2YzU2ODQ1NTJjMWM4MzhiMzA2MGJiY2QzNjIzMGY2YmM3YjkyNGNjNzRmYTZkNzY4Y2UwMjE0MmM0OWE1","contentUrl":"https:\/\/www.forumsport.com\/medias\/medias-1000396631-00-S-M-20180925234551.jpg?context=bWFzdGVyfGltYWdlc3wyNDU2MDV8aW1hZ2UvanBlZ3xpbWFnZXMvaGY1L2hlZS84ODc4OTMzOTY2ODc4LmpwZ3w3Mzg2YzU2ODQ1NTJjMWM4MzhiMzA2MGJiY2QzNjIzMGY2YmM3YjkyNGNjNzRmYTZkNzY4Y2UwMjE0MmM0OWE1"},{"@type":"BreadcrumbList","@id":"https:\/\/thjco.com\/index.php\/2021\/09\/16\/equipacion-infantil-espana\/#breadcrumb","itemListElement":[{"@type":"ListItem","position":1,"name":"Portada","item":"https:\/\/thjco.com\/"},{"@type":"ListItem","position":2,"name":"equipacion infantil espa\u00f1a"}]},{"@type":"WebSite","@id":"https:\/\/thjco.com\/#website","url":"https:\/\/thjco.com\/","name":"Camiseta Barata Chelsea 2024 2025 - SuperVigo","description":"Camiseta de F\u00fatbol Chelsea 2024 - Ofrecemos nueva camiseta del Chelsea aqu\u00ed.Env\u00edo gratis desde 69\u20ac. La prenda mejor y el precio m\u00e1s bajo.","potentialAction":[{"@type":"SearchAction","target":{"@type":"EntryPoint","urlTemplate":"https:\/\/thjco.com\/?s={search_term_string}"},"query-input":{"@type":"PropertyValueSpecification","valueRequired":true,"valueName":"search_term_string"}}],"inLanguage":"es"},{"@type":"Person","@id":"https:\/\/thjco.com\/#\/schema\/person\/87becafabe502dabc359bb65d28c3558","name":"istern","image":{"@type":"ImageObject","inLanguage":"es","@id":"https:\/\/thjco.com\/#\/schema\/person\/image\/","url":"https:\/\/secure.gravatar.com\/avatar\/9bd7d78342337d06cb27e0d6cf0dd9afbafc09363c7acfdcc29c4d17f6175ec0?s=96&d=mm&r=g","contentUrl":"https:\/\/secure.gravatar.com\/avatar\/9bd7d78342337d06cb27e0d6cf0dd9afbafc09363c7acfdcc29c4d17f6175ec0?s=96&d=mm&r=g","caption":"istern"},"sameAs":["http:\/\/thjco.com"],"url":"https:\/\/thjco.com\/index.php\/author\/istern\/"}]}},"_links":{"self":[{"href":"https:\/\/thjco.com\/index.php\/wp-json\/wp\/v2\/posts\/3362","targetHints":{"allow":["GET"]}}],"collection":[{"href":"https:\/\/thjco.com\/index.php\/wp-json\/wp\/v2\/posts"}],"about":[{"href":"https:\/\/thjco.com\/index.php\/wp-json\/wp\/v2\/types\/post"}],"author":[{"embeddable":true,"href":"https:\/\/thjco.com\/index.php\/wp-json\/wp\/v2\/users\/1"}],"replies":[{"embeddable":true,"href":"https:\/\/thjco.com\/index.php\/wp-json\/wp\/v2\/comments?post=3362"}],"version-history":[{"count":1,"href":"https:\/\/thjco.com\/index.php\/wp-json\/wp\/v2\/posts\/3362\/revisions"}],"predecessor-version":[{"id":3363,"href":"https:\/\/thjco.com\/index.php\/wp-json\/wp\/v2\/posts\/3362\/revisions\/3363"}],"wp:attachment":[{"href":"https:\/\/thjco.com\/index.php\/wp-json\/wp\/v2\/media?parent=3362"}],"wp:term":[{"taxonomy":"category","embeddable":true,"href":"https:\/\/thjco.com\/index.php\/wp-json\/wp\/v2\/categories?post=3362"},{"taxonomy":"post_tag","embeddable":true,"href":"https:\/\/thjco.com\/index.php\/wp-json\/wp\/v2\/tags?post=3362"}],"curies":[{"name":"wp","href":"https:\/\/api.w.org\/{rel}","templated":true}]}}