{"id":3040,"date":"2021-09-15T05:47:58","date_gmt":"2021-09-15T04:47:58","guid":{"rendered":"http:\/\/thjco.com\/?p=3040"},"modified":"2021-09-15T05:47:58","modified_gmt":"2021-09-15T04:47:58","slug":"camisetas-liga-espanola-2019-2020","status":"publish","type":"post","link":"https:\/\/thjco.com\/index.php\/2021\/09\/15\/camisetas-liga-espanola-2019-2020\/","title":{"rendered":"camisetas liga espa\u00f1ola 2019 2020"},"content":{"rendered":"<p> El de San Juan de Luz tambi\u00e9n transmite su sentimiento en su libro: \u201cAmo profundamente el Pa\u00eds Vasco pero jam\u00e1s he sentido la necesidad de reivindicar mi pertenencia de manera pol\u00edtica. Biograf\u00eda, palmar\u00e9s, estad\u00edsticas: Bixente Lizarazu naci\u00f3 el 9 de diciembre de 1969 en Saint-Jean-de-Luz (San Juan de Luz), en el departamento de Pyr\u00e9n\u00e9es-Atlantiques y en la zona del suroeste franc\u00e9s conocida como Pa\u00eds Vasco Franc\u00e9s o Iparralde. \u2191 Garc\u00eda, Juan (24 de mayo de 2017). \u00abReal Madrid Campe\u00f3n de Liga\u00bb. Es Marta Garc\u00eda, una joven que a sus 17 a\u00f1os ya cuenta con un palmar\u00e9s que la convierte en promesa firme del baloncesto femenino espa\u00f1ol. Sali\u00f3 en fila por detr\u00e1s del capit\u00e1n, de Sergio Ramos, como mandan los c\u00e1nones. El naci\u00f3 como Vicente Lizarazu, pero luego le dio un giro vasco a su nombre y lo convirti\u00f3 en Bixente. Os voy a hablar de Bixente Lizarazu. Lizarazu fue llamado por la Justicia francesa, que investig\u00f3 sus cuentas para ver si hab\u00eda colaborado.<\/p>\n<p> Tambi\u00e9n denuncian la \u00abimpunidad\u00bb ante estas agresiones mientras que, mantiene la organizaci\u00f3n, \u00abla Justicia espa\u00f1ola est\u00e1 m\u00e1s ocupada por aplicar la Ley Mordaza y reprimir la libertad de expresi\u00f3n\u00bb. Por su parte, Lander Labajo ha explicado que, en compa\u00f1\u00eda de varios aficionados al surf, <a href='https:\/\/colormadrid.com\/es_ES\/taxons\/espana-es-043-108'>camiseta espa\u00f1a<\/a> impuls\u00f3 varias iniciativas para \u00abimpulsar el proceso de paz\u00bb y que ha mantenido correspondencia con presos de la banda terrorista \u00fanicamente para mostrarles su \u00abapoyo\u00bb. \u2191 \u00abTres patronos de la Fundaci\u00f3n Valencia CF dimiten en pleno proceso de venta\u00bb. \u2191 Helenio Herrera. El \u2018mago\u2019 que invent\u00f3 el catenaccio Football Citizens. No habiendo nacido en Espa\u00f1a, lo curioso es que lo pudimos ver en el Athletic de Bilbao, pero muchos de vosotros ya sabr\u00e9is por qu\u00e9. Su biograf\u00eda levant\u00f3 algunas ampollas en Bilbao, ya que public\u00f3 que Luis Fern\u00e1ndez y el presidente de entonces, Jos\u00e9 Mar\u00eda Arrate, vendieron de \u00e9l una imagen mala y contraria al sentimiento vasco.<\/p>\n<p> \u201d. Afirma tambi\u00e9n que Luis Fern\u00e1ndez le perjudic\u00f3 mucho cuando declar\u00f3 que \u201cNo vale la pena que Lizarazu reivindique su apego al Pa\u00eds Vasco si es para irse un a\u00f1o m\u00e1s tarde por la puerta de atr\u00e1s\u201d. Aqu\u00ed algunas l\u00edneas de ese libro: Cuando lleg\u00f3 al Athletic, <a href=\"https:\/\/colormadrid.com\/es_ES\/taxons\/espana-es-043-108\">camiseta de la selecci\u00f3n espa\u00f1ola<\/a> Lizarazu asegura que Arrate le dijo: \u201c\u2018Contesta que no puedes ser extranjero pues eres vasco\u2019. En Italia ya sigui\u00f3 ese gui\u00f3n. Ocurri\u00f3 porque Trueba se destac\u00f3 ese a\u00f1o como el mejor escalador. As\u00ed, desde ese a\u00f1o se reconoci\u00f3 al que m\u00e1s puertos coronara. Hoy 8 de marzo se celebra el D\u00eda de la Mujer y adidas ha querido hacer un gui\u00f1o a la selecci\u00f3n espa\u00f1ola femenina con la presentaci\u00f3n de la camiseta que lucir\u00e1n en el Mundial de Francia este verano. Juega en Praga junto a Laia Palau, con quien es u\u00f1a y carne, aunque son de dos generaciones distintas y en verano con las Phoenix Mercury de la NBA, con el que disput\u00f3 la \u00faltima final. Desafiando las expectativas, los avances de la pel\u00edcula fueron bien recibidos por el p\u00fablico, y la semana siguiente a su lanzamiento, la publicidad comenz\u00f3 a mostrar a Willis de manera m\u00e1s prominente.<\/p>\n<p> Madonna entr\u00f3 al mundo del cine en 1985, comenzando con una breve aparici\u00f3n como cantante de un club en la pel\u00edcula Vision Quest, una comedia rom\u00e1ntica. Al terminar la temporada el acuerdo de filialidad con FC Cartagena no se renueva y el club desaparece al no poder hacer frente a los gastos de un equipo de Tercera. En su biograf\u00eda, Lizarazu reconoce que antes llegar al Athletic no era consciente de la importancia que ten\u00eda en el club el componente ideol\u00f3gico y afirma que \u201cno sab\u00eda si hac\u00eda deporte o serv\u00eda a una causa pol\u00edtica\u201d. Con el primer objetivo cumplido, para el siguiente semestre la meta era ganar el Apertura y coronar el a\u00f1o con la Intercontinental, ante ni m\u00e1s ni menos que el Real Madrid. El problema es que era bastante flojo en los descensos y todo lo que ganaba subiendo, lo perd\u00eda bajando. No ten\u00eda ning\u00fan problema con mi vasquismo ni sent\u00eda la necesidad de justificarme\u201d.<\/p>\n<p>Si usted am\u00f3 este poste y usted ciertamente como para recibir detalles adicionales referente <a Href=\"https:\/\/colormadrid.com\/es_ES\/taxons\/espana-es-043-108\" >equipacion espa\u00f1a<\/a> amablemente visita el Web page.<\/p>\n","protected":false},"excerpt":{"rendered":"<p>El de San Juan de Luz tambi\u00e9n transmite su sentimiento en su libro: \u201cAmo profundamente el Pa\u00eds Vasco pero jam\u00e1s he sentido la necesidad de reivindicar mi pertenencia de manera pol\u00edtica. Biograf\u00eda, palmar\u00e9s, estad\u00edsticas: Bixente Lizarazu naci\u00f3 el 9 de diciembre de 1969 en Saint-Jean-de-Luz (San Juan de Luz), en el departamento de Pyr\u00e9n\u00e9es-Atlantiques y [&hellip;]<\/p>\n","protected":false},"author":1,"featured_media":0,"comment_status":"open","ping_status":"open","sticky":false,"template":"","format":"standard","meta":{"footnotes":""},"categories":[1],"tags":[1550,1552,1551],"class_list":["post-3040","post","type-post","status-publish","format-standard","hentry","category-uncategorized","tag-camiseta-espana-manga-larga","tag-equipacion-liga-espanola","tag-powerlifting-espana-camiseta"],"yoast_head":"<!-- This site is optimized with the Yoast SEO plugin v26.3 - https:\/\/yoast.com\/wordpress\/plugins\/seo\/ -->\n<title>camisetas liga espa\u00f1ola 2019 2020 - Camiseta Barata Chelsea 2024 2025 - SuperVigo<\/title>\n<meta name=\"robots\" content=\"index, follow, max-snippet:-1, max-image-preview:large, max-video-preview:-1\" \/>\n<link rel=\"canonical\" href=\"https:\/\/thjco.com\/index.php\/2021\/09\/15\/camisetas-liga-espanola-2019-2020\/\" \/>\n<meta property=\"og:locale\" content=\"es_ES\" \/>\n<meta property=\"og:type\" content=\"article\" \/>\n<meta property=\"og:title\" content=\"camisetas liga espa\u00f1ola 2019 2020 - Camiseta Barata Chelsea 2024 2025 - SuperVigo\" \/>\n<meta property=\"og:description\" content=\"El de San Juan de Luz tambi\u00e9n transmite su sentimiento en su libro: \u201cAmo profundamente el Pa\u00eds Vasco pero jam\u00e1s he sentido la necesidad de reivindicar mi pertenencia de manera pol\u00edtica. Biograf\u00eda, palmar\u00e9s, estad\u00edsticas: Bixente Lizarazu naci\u00f3 el 9 de diciembre de 1969 en Saint-Jean-de-Luz (San Juan de Luz), en el departamento de Pyr\u00e9n\u00e9es-Atlantiques y [&hellip;]\" \/>\n<meta property=\"og:url\" content=\"https:\/\/thjco.com\/index.php\/2021\/09\/15\/camisetas-liga-espanola-2019-2020\/\" \/>\n<meta property=\"og:site_name\" content=\"Camiseta Barata Chelsea 2024 2025 - SuperVigo\" \/>\n<meta property=\"article:published_time\" content=\"2021-09-15T04:47:58+00:00\" \/>\n<meta name=\"author\" content=\"istern\" \/>\n<meta name=\"twitter:card\" content=\"summary_large_image\" \/>\n<meta name=\"twitter:label1\" content=\"Escrito por\" \/>\n\t<meta name=\"twitter:data1\" content=\"istern\" \/>\n\t<meta name=\"twitter:label2\" content=\"Tiempo de lectura\" \/>\n\t<meta name=\"twitter:data2\" content=\"4 minutos\" \/>\n<script type=\"application\/ld+json\" class=\"yoast-schema-graph\">{\"@context\":\"https:\/\/schema.org\",\"@graph\":[{\"@type\":\"WebPage\",\"@id\":\"https:\/\/thjco.com\/index.php\/2021\/09\/15\/camisetas-liga-espanola-2019-2020\/\",\"url\":\"https:\/\/thjco.com\/index.php\/2021\/09\/15\/camisetas-liga-espanola-2019-2020\/\",\"name\":\"camisetas liga espa\u00f1ola 2019 2020 - Camiseta Barata Chelsea 2024 2025 - SuperVigo\",\"isPartOf\":{\"@id\":\"https:\/\/thjco.com\/#website\"},\"datePublished\":\"2021-09-15T04:47:58+00:00\",\"author\":{\"@id\":\"https:\/\/thjco.com\/#\/schema\/person\/87becafabe502dabc359bb65d28c3558\"},\"breadcrumb\":{\"@id\":\"https:\/\/thjco.com\/index.php\/2021\/09\/15\/camisetas-liga-espanola-2019-2020\/#breadcrumb\"},\"inLanguage\":\"es\",\"potentialAction\":[{\"@type\":\"ReadAction\",\"target\":[\"https:\/\/thjco.com\/index.php\/2021\/09\/15\/camisetas-liga-espanola-2019-2020\/\"]}]},{\"@type\":\"BreadcrumbList\",\"@id\":\"https:\/\/thjco.com\/index.php\/2021\/09\/15\/camisetas-liga-espanola-2019-2020\/#breadcrumb\",\"itemListElement\":[{\"@type\":\"ListItem\",\"position\":1,\"name\":\"Portada\",\"item\":\"https:\/\/thjco.com\/\"},{\"@type\":\"ListItem\",\"position\":2,\"name\":\"camisetas liga espa\u00f1ola 2019 2020\"}]},{\"@type\":\"WebSite\",\"@id\":\"https:\/\/thjco.com\/#website\",\"url\":\"https:\/\/thjco.com\/\",\"name\":\"Camiseta Barata Chelsea 2024 2025 - SuperVigo\",\"description\":\"Camiseta de F\u00fatbol Chelsea 2024 - Ofrecemos nueva camiseta del Chelsea aqu\u00ed.Env\u00edo gratis desde 69\u20ac. La prenda mejor y el precio m\u00e1s bajo.\",\"potentialAction\":[{\"@type\":\"SearchAction\",\"target\":{\"@type\":\"EntryPoint\",\"urlTemplate\":\"https:\/\/thjco.com\/?s={search_term_string}\"},\"query-input\":{\"@type\":\"PropertyValueSpecification\",\"valueRequired\":true,\"valueName\":\"search_term_string\"}}],\"inLanguage\":\"es\"},{\"@type\":\"Person\",\"@id\":\"https:\/\/thjco.com\/#\/schema\/person\/87becafabe502dabc359bb65d28c3558\",\"name\":\"istern\",\"image\":{\"@type\":\"ImageObject\",\"inLanguage\":\"es\",\"@id\":\"https:\/\/thjco.com\/#\/schema\/person\/image\/\",\"url\":\"https:\/\/secure.gravatar.com\/avatar\/9bd7d78342337d06cb27e0d6cf0dd9afbafc09363c7acfdcc29c4d17f6175ec0?s=96&d=mm&r=g\",\"contentUrl\":\"https:\/\/secure.gravatar.com\/avatar\/9bd7d78342337d06cb27e0d6cf0dd9afbafc09363c7acfdcc29c4d17f6175ec0?s=96&d=mm&r=g\",\"caption\":\"istern\"},\"sameAs\":[\"http:\/\/thjco.com\"],\"url\":\"https:\/\/thjco.com\/index.php\/author\/istern\/\"}]}<\/script>\n<!-- \/ Yoast SEO plugin. -->","yoast_head_json":{"title":"camisetas liga espa\u00f1ola 2019 2020 - Camiseta Barata Chelsea 2024 2025 - SuperVigo","robots":{"index":"index","follow":"follow","max-snippet":"max-snippet:-1","max-image-preview":"max-image-preview:large","max-video-preview":"max-video-preview:-1"},"canonical":"https:\/\/thjco.com\/index.php\/2021\/09\/15\/camisetas-liga-espanola-2019-2020\/","og_locale":"es_ES","og_type":"article","og_title":"camisetas liga espa\u00f1ola 2019 2020 - Camiseta Barata Chelsea 2024 2025 - SuperVigo","og_description":"El de San Juan de Luz tambi\u00e9n transmite su sentimiento en su libro: \u201cAmo profundamente el Pa\u00eds Vasco pero jam\u00e1s he sentido la necesidad de reivindicar mi pertenencia de manera pol\u00edtica. Biograf\u00eda, palmar\u00e9s, estad\u00edsticas: Bixente Lizarazu naci\u00f3 el 9 de diciembre de 1969 en Saint-Jean-de-Luz (San Juan de Luz), en el departamento de Pyr\u00e9n\u00e9es-Atlantiques y [&hellip;]","og_url":"https:\/\/thjco.com\/index.php\/2021\/09\/15\/camisetas-liga-espanola-2019-2020\/","og_site_name":"Camiseta Barata Chelsea 2024 2025 - SuperVigo","article_published_time":"2021-09-15T04:47:58+00:00","author":"istern","twitter_card":"summary_large_image","twitter_misc":{"Escrito por":"istern","Tiempo de lectura":"4 minutos"},"schema":{"@context":"https:\/\/schema.org","@graph":[{"@type":"WebPage","@id":"https:\/\/thjco.com\/index.php\/2021\/09\/15\/camisetas-liga-espanola-2019-2020\/","url":"https:\/\/thjco.com\/index.php\/2021\/09\/15\/camisetas-liga-espanola-2019-2020\/","name":"camisetas liga espa\u00f1ola 2019 2020 - Camiseta Barata Chelsea 2024 2025 - SuperVigo","isPartOf":{"@id":"https:\/\/thjco.com\/#website"},"datePublished":"2021-09-15T04:47:58+00:00","author":{"@id":"https:\/\/thjco.com\/#\/schema\/person\/87becafabe502dabc359bb65d28c3558"},"breadcrumb":{"@id":"https:\/\/thjco.com\/index.php\/2021\/09\/15\/camisetas-liga-espanola-2019-2020\/#breadcrumb"},"inLanguage":"es","potentialAction":[{"@type":"ReadAction","target":["https:\/\/thjco.com\/index.php\/2021\/09\/15\/camisetas-liga-espanola-2019-2020\/"]}]},{"@type":"BreadcrumbList","@id":"https:\/\/thjco.com\/index.php\/2021\/09\/15\/camisetas-liga-espanola-2019-2020\/#breadcrumb","itemListElement":[{"@type":"ListItem","position":1,"name":"Portada","item":"https:\/\/thjco.com\/"},{"@type":"ListItem","position":2,"name":"camisetas liga espa\u00f1ola 2019 2020"}]},{"@type":"WebSite","@id":"https:\/\/thjco.com\/#website","url":"https:\/\/thjco.com\/","name":"Camiseta Barata Chelsea 2024 2025 - SuperVigo","description":"Camiseta de F\u00fatbol Chelsea 2024 - Ofrecemos nueva camiseta del Chelsea aqu\u00ed.Env\u00edo gratis desde 69\u20ac. La prenda mejor y el precio m\u00e1s bajo.","potentialAction":[{"@type":"SearchAction","target":{"@type":"EntryPoint","urlTemplate":"https:\/\/thjco.com\/?s={search_term_string}"},"query-input":{"@type":"PropertyValueSpecification","valueRequired":true,"valueName":"search_term_string"}}],"inLanguage":"es"},{"@type":"Person","@id":"https:\/\/thjco.com\/#\/schema\/person\/87becafabe502dabc359bb65d28c3558","name":"istern","image":{"@type":"ImageObject","inLanguage":"es","@id":"https:\/\/thjco.com\/#\/schema\/person\/image\/","url":"https:\/\/secure.gravatar.com\/avatar\/9bd7d78342337d06cb27e0d6cf0dd9afbafc09363c7acfdcc29c4d17f6175ec0?s=96&d=mm&r=g","contentUrl":"https:\/\/secure.gravatar.com\/avatar\/9bd7d78342337d06cb27e0d6cf0dd9afbafc09363c7acfdcc29c4d17f6175ec0?s=96&d=mm&r=g","caption":"istern"},"sameAs":["http:\/\/thjco.com"],"url":"https:\/\/thjco.com\/index.php\/author\/istern\/"}]}},"_links":{"self":[{"href":"https:\/\/thjco.com\/index.php\/wp-json\/wp\/v2\/posts\/3040","targetHints":{"allow":["GET"]}}],"collection":[{"href":"https:\/\/thjco.com\/index.php\/wp-json\/wp\/v2\/posts"}],"about":[{"href":"https:\/\/thjco.com\/index.php\/wp-json\/wp\/v2\/types\/post"}],"author":[{"embeddable":true,"href":"https:\/\/thjco.com\/index.php\/wp-json\/wp\/v2\/users\/1"}],"replies":[{"embeddable":true,"href":"https:\/\/thjco.com\/index.php\/wp-json\/wp\/v2\/comments?post=3040"}],"version-history":[{"count":1,"href":"https:\/\/thjco.com\/index.php\/wp-json\/wp\/v2\/posts\/3040\/revisions"}],"predecessor-version":[{"id":3041,"href":"https:\/\/thjco.com\/index.php\/wp-json\/wp\/v2\/posts\/3040\/revisions\/3041"}],"wp:attachment":[{"href":"https:\/\/thjco.com\/index.php\/wp-json\/wp\/v2\/media?parent=3040"}],"wp:term":[{"taxonomy":"category","embeddable":true,"href":"https:\/\/thjco.com\/index.php\/wp-json\/wp\/v2\/categories?post=3040"},{"taxonomy":"post_tag","embeddable":true,"href":"https:\/\/thjco.com\/index.php\/wp-json\/wp\/v2\/tags?post=3040"}],"curies":[{"name":"wp","href":"https:\/\/api.w.org\/{rel}","templated":true}]}}